{"id":3044,"date":"2026-04-30T09:40:51","date_gmt":"2026-04-30T07:40:51","guid":{"rendered":"https:\/\/kinder-quierschied.de\/?p=3044"},"modified":"2026-04-30T09:40:51","modified_gmt":"2026-04-30T07:40:51","slug":"fruehlings-und-ostermarkt-an-der-grundschule-lasbach-quierschied","status":"publish","type":"post","link":"https:\/\/kinder-quierschied.de\/?p=3044","title":{"rendered":"Fr\u00fchlings- und Ostermarkt an der Grundschule Lasbach Quierschied"},"content":{"rendered":"\n<p>Am Freitag, den 21. M\u00e4rz 2026 \u2013 nur einen Tag nach dem kalendarischen Fr\u00fchlingsbeginn \u2013 veranstalteten wir bei bestem Wetter einen Fr\u00fchlings- und Ostermarkt, zu dem auch die Familien der Schulkinder herzlich eingeladen waren. Im Vorfeld haben sich alle Klassen im Rahmen einer Projektwoche intensiv mit dem Thema Fr\u00fchling und Ostern besch\u00e4ftigt. Dabei entstanden vielf\u00e4ltige Kunstwerke sowie liebevoll gestaltete Produkte, die im Rahmen des Marktes pr\u00e4sentiert und teilweise auch zum Verkauf angeboten wurden.<\/p>\n\n\n\n<p>Den Auftakt der Veranstaltung gestalteten die Sch\u00fclerinnen und Sch\u00fcler der zweiten Klassen unter der Leitung der Musikfachfrau Christine Biewer: Mit dem St\u00fcck \u201eDer Fr\u00fchling\u201c von Vivaldi er\u00f6ffneten sie das Fest musikalisch, begleitet von einem passenden Tanz und Boomwhackern. Im Anschluss begr\u00fc\u00dfte die Rektorin Vera Friedling offiziell die G\u00e4ste. Auch <strong>B\u00fcrgermeister Lutz Maurer<\/strong> besuchte das Fest als Gast und begr\u00fc\u00dfte die kleinen und gro\u00dfen Besucher herzlich, bevor eine dritte Klasse mit ihrem unterhaltsamen Theaterst\u00fcck \u201eDer Osterhasen Gangster\u201c das Programm bereicherte.<\/p>\n\n\n\n<p>Im Anschluss konnten die Kinder das vielf\u00e4ltige Angebot auf dem Schulgel\u00e4nde entdecken und an den verschiedenen Stationen aktiv werden. Neben zahlreichen Bastel- und Spielangeboten standen auch ein Etzyroller-Rennen, ein Ostereierlauf sowie ein Bilderbuchkino auf dem Programm. Ausgestattet mit einem Laufpass hatten die Kinder die M\u00f6glichkeit, sich auf dem Schulgel\u00e4nde zu bewegen und die unterschiedlichen Angebote auszuprobieren. F\u00fcr jede absolvierte Station erhielten sie einen Stempel und konnten sich am Ende eine kleine \u00dcberraschung des F\u00f6rdervereins abholen.<\/p>\n\n\n\n<p>Auch f\u00fcr das kulinarische Angebot wurde gesorgt \u2013 mit tatkr\u00e4ftiger Unterst\u00fctzung des F\u00f6rdervereins und zahlreicher Eltern wurden W\u00fcrstchen, Pommes und ein vielf\u00e4ltiges Kuchenbuffet mit Kaffee und Kaltgetr\u00e4nken angeboten. Der hintere Schulhof, der Multifunktionsraum und die FGTS luden zum Verweilen und zum Austausch ein.<\/p>\n\n\n\n<p>Den gelungenen Abschluss bildete ein weiteres B\u00fchnenprogramm: Die Tanz-AG pr\u00e4sentierte ihr K\u00f6nnen, und die Sch\u00fclerinnen und Sch\u00fcler der dritten Klassen sorgten mit einem gemeinsamen Lied f\u00fcr einen stimmungsvollen Ausklang. Der Fr\u00fchlings- und Ostermarkt war somit nicht nur eine sch\u00f6ne Gelegenheit, die Ergebnisse der Projektwoche zu pr\u00e4sentieren, sondern auch ein Fest der Begegnung, Kreativit\u00e4t und Gemeinschaft \u2013 ein rundum gelungener Start in die Fr\u00fchlingszeit, der durch das gro\u00dfe Engagement aller Helferinnen und Helfer m\u00f6glich wurde.<\/p>\n","protected":false},"excerpt":{"rendered":"<p>Am Freitag, den 21. M\u00e4rz 2026 \u2013 nur einen Tag nach dem kalendarischen Fr\u00fchlingsbeginn \u2013 veranstalteten wir bei bestem Wetter einen Fr\u00fchlings- und Ostermarkt, zu dem auch die Familien der Schulkinder herzlich eingeladen waren. Im Vorfeld haben sich alle Klassen im Rahmen einer Projektwoche intensiv mit dem Thema Fr\u00fchling und Ostern besch\u00e4ftigt. Dabei entstanden vielf\u00e4ltige [&hellip;]<\/p>\n","protected":false},"author":6,"featured_media":3045,"comment_status":"closed","ping_status":"open","sticky":false,"template":"","format":"standard","meta":{"footnotes":""},"categories":[4],"tags":[],"class_list":["post-3044","post","type-post","status-publish","format-standard","has-post-thumbnail","hentry","category-lasbach"],"_links":{"self":[{"href":"https:\/\/kinder-quierschied.de\/index.php?rest_route=\/wp\/v2\/posts\/3044","targetHints":{"allow":["GET"]}}],"collection":[{"href":"https:\/\/kinder-quierschied.de\/index.php?rest_route=\/wp\/v2\/posts"}],"about":[{"href":"https:\/\/kinder-quierschied.de\/index.php?rest_route=\/wp\/v2\/types\/post"}],"author":[{"embeddable":true,"href":"https:\/\/kinder-quierschied.de\/index.php?rest_route=\/wp\/v2\/users\/6"}],"replies":[{"embeddable":true,"href":"https:\/\/kinder-quierschied.de\/index.php?rest_route=%2Fwp%2Fv2%2Fcomments&post=3044"}],"version-history":[{"count":1,"href":"https:\/\/kinder-quierschied.de\/index.php?rest_route=\/wp\/v2\/posts\/3044\/revisions"}],"predecessor-version":[{"id":3046,"href":"https:\/\/kinder-quierschied.de\/index.php?rest_route=\/wp\/v2\/posts\/3044\/revisions\/3046"}],"wp:featuredmedia":[{"embeddable":true,"href":"https:\/\/kinder-quierschied.de\/index.php?rest_route=\/wp\/v2\/media\/3045"}],"wp:attachment":[{"href":"https:\/\/kinder-quierschied.de\/index.php?rest_route=%2Fwp%2Fv2%2Fmedia&parent=3044"}],"wp:term":[{"taxonomy":"category","embeddable":true,"href":"https:\/\/kinder-quierschied.de\/index.php?rest_route=%2Fwp%2Fv2%2Fcategories&post=3044"},{"taxonomy":"post_tag","embeddable":true,"href":"https:\/\/kinder-quierschied.de\/index.php?rest_route=%2Fwp%2Fv2%2Ftags&post=3044"}],"curies":[{"name":"wp","href":"https:\/\/api.w.org\/{rel}","templated":true}]}}