{"id":3040,"date":"2026-04-29T15:00:06","date_gmt":"2026-04-29T13:00:06","guid":{"rendered":"https:\/\/kinder-quierschied.de\/?p=3040"},"modified":"2026-04-29T16:43:21","modified_gmt":"2026-04-29T14:43:21","slug":"sommerferienprogramm-2026-lasst-es-uns-gemeinsam-gestatlen","status":"publish","type":"post","link":"https:\/\/kinder-quierschied.de\/?p=3040","title":{"rendered":"Sommerferienprogramm 2026: Lasst es uns gemeinsam gestalten!"},"content":{"rendered":"\n<p><strong>Einladung zum Mitmach-Treffen: Das Quierschieder Sommerferienprogramm 2026 gemeinsam gestalten!<\/strong><\/p>\n\n\n\n<p>Liebe Kinder und Jugendliche,<\/p>\n\n\n\n<p>die Sommerferien werfen ihre Schatten voraus \u2013 und damit auch unser Ferienprogramm! Der Sommer 2026 soll f\u00fcr Euch voller bunter Erlebnisse, Spa\u00df und spannender Abenteuer werden. Daher m\u00f6chten wir auch dieses Jahr wieder ein Ferienprogramm f\u00fcr Euch auf die Beine stellen. Damit das Sommerferienprogramm so gut wie m\u00f6glich zu Euch passt, m\u00f6chten wir es dieses Jahr gemeinsam mit Euch planen und gestalten. Hierzu laden wir Euch zu einem Mitmachtreffen ein.<\/p>\n\n\n\n<p><strong>Wann:<\/strong> Mittwoch, 06.05.2026, 17:00 Uhr<\/p>\n\n\n\n<p><strong>Wo:<\/strong> Q.lisse &#8211; Haus der Kultur in Quierschied<\/p>\n\n\n\n<p>Wir m\u00f6chten an diesem Abend Ideen sammeln, Vorschl\u00e4ge besprechen und Eure W\u00fcnsche aufnehmen. Ob Ausflugsidee, Workshop, Sportangebot oder Kreativaktion \u2013 alle Vorschl\u00e4ge und Anregungen sind willkommen und jeder Beitrag z\u00e4hlt! Auch wer \u201enur\u201c zuh\u00f6ren oder R\u00fcckmeldung geben m\u00f6chte, ist herzlich eingeladen.<\/p>\n\n\n\n<p>Solltet Ihr Fragen an uns haben oder uns Eure Ideen und W\u00fcnsche schon vor dem Mitmachtreffen durchstellen wollen, dann meldet Euch gerne jederzeit bei uns: Per E-Mail an <a href=\"mailto:k.woll@quierschied.de\">k.woll@quierschied.de<\/a> oder telefonisch unter 06897 961-114.<\/p>\n\n\n\n<p>Wir freuen uns auf einen kreativen Austausch mit Euch und auf viele tolle Ideen f\u00fcr einen unvergesslichen Sommer!<\/p>\n\n\n\n<p>Sonnige Gr\u00fc\u00dfe<\/p>\n\n\n\n<p>Euer Ferienprogramm-Team<\/p>\n","protected":false},"excerpt":{"rendered":"<p>Einladung zum Mitmach-Treffen: Das Quierschieder Sommerferienprogramm 2026 gemeinsam gestalten! Liebe Kinder und Jugendliche, die Sommerferien werfen ihre Schatten voraus \u2013 und damit auch unser Ferienprogramm! Der Sommer 2026 soll f\u00fcr Euch voller bunter Erlebnisse, Spa\u00df und spannender Abenteuer werden. Daher m\u00f6chten wir auch dieses Jahr wieder ein Ferienprogramm f\u00fcr Euch auf die Beine stellen. Damit [&hellip;]<\/p>\n","protected":false},"author":1,"featured_media":0,"comment_status":"closed","ping_status":"open","sticky":false,"template":"","format":"standard","meta":{"footnotes":""},"categories":[1],"tags":[],"class_list":["post-3040","post","type-post","status-publish","format-standard","hentry","category-infos"],"_links":{"self":[{"href":"https:\/\/kinder-quierschied.de\/index.php?rest_route=\/wp\/v2\/posts\/3040","targetHints":{"allow":["GET"]}}],"collection":[{"href":"https:\/\/kinder-quierschied.de\/index.php?rest_route=\/wp\/v2\/posts"}],"about":[{"href":"https:\/\/kinder-quierschied.de\/index.php?rest_route=\/wp\/v2\/types\/post"}],"author":[{"embeddable":true,"href":"https:\/\/kinder-quierschied.de\/index.php?rest_route=\/wp\/v2\/users\/1"}],"replies":[{"embeddable":true,"href":"https:\/\/kinder-quierschied.de\/index.php?rest_route=%2Fwp%2Fv2%2Fcomments&post=3040"}],"version-history":[{"count":3,"href":"https:\/\/kinder-quierschied.de\/index.php?rest_route=\/wp\/v2\/posts\/3040\/revisions"}],"predecessor-version":[{"id":3043,"href":"https:\/\/kinder-quierschied.de\/index.php?rest_route=\/wp\/v2\/posts\/3040\/revisions\/3043"}],"wp:attachment":[{"href":"https:\/\/kinder-quierschied.de\/index.php?rest_route=%2Fwp%2Fv2%2Fmedia&parent=3040"}],"wp:term":[{"taxonomy":"category","embeddable":true,"href":"https:\/\/kinder-quierschied.de\/index.php?rest_route=%2Fwp%2Fv2%2Fcategories&post=3040"},{"taxonomy":"post_tag","embeddable":true,"href":"https:\/\/kinder-quierschied.de\/index.php?rest_route=%2Fwp%2Fv2%2Ftags&post=3040"}],"curies":[{"name":"wp","href":"https:\/\/api.w.org\/{rel}","templated":true}]}}